{"id":197,"date":"2023-08-01T10:25:00","date_gmt":"2023-08-01T08:25:00","guid":{"rendered":"https:\/\/senior-home.cz\/telc\/?p=197"},"modified":"2024-05-20T10:27:12","modified_gmt":"2024-05-20T08:27:12","slug":"pozvanka-na-den-otevrenych-dveri","status":"publish","type":"post","link":"https:\/\/senior-home.cz\/telc\/pozvanka-na-den-otevrenych-dveri\/","title":{"rendered":"Pozv\u00e1nka na Den otev\u0159en\u00fdch dve\u0159\u00ed"},"content":{"rendered":"\n<p><strong>Domov se zvl\u00e1\u0161tn\u00edm re\u017eimem Tel\u010d V\u00e1s zve do sv\u00fdch prostor na:<\/strong><\/p>\n\n\n\n<p><strong><span style=\"text-decoration: underline;\">Den otev\u0159en\u00fdch dve\u0159\u00ed<\/span><\/strong><\/p>\n\n\n\n<p><strong>Dne 4. 10. 2023 od 10:00 do 18:00<\/strong><\/p>\n\n\n\n<p>Zv\u00e1ni jsou v\u0161ichni z\u00e1jemci nebo jejich rodinn\u00ed p\u0159\u00edslu\u0161n\u00edci, kte\u0159\u00ed by r\u00e1di nakoukli pod pokli\u010dku na\u0161ich soci\u00e1ln\u00edch slu\u017eeb.<\/p>\n\n\n\n<p><strong>V r\u00e1mci dne otev\u0159en\u00fdch dve\u0159\u00ed budete m\u00edt mo\u017enost:<\/strong><\/p>\n\n\n\n<ul class=\"wp-block-list\">\n<li>Prohl\u00e9dnout si prostory Domova se zvl\u00e1\u0161tn\u00edm re\u017eimem Tel\u010d<\/li>\n\n\n\n<li>Z\u00edskat informace o poskytovan\u00fdch slu\u017eb\u00e1ch<\/li>\n\n\n\n<li>Z\u00fa\u010dastnit se n\u011bkolika zaj\u00edmav\u00fdch aktivit, kter\u00e9 s na\u0161imi klienty d\u011bl\u00e1me v r\u00e1mci aktiviza\u010dn\u00edch \u010dinnost\u00ed \u2013 t\u00fdmov\u00e1 v\u011bdomostn\u00ed sout\u011b\u017e, tr\u00e9nov\u00e1n\u00ed prostorov\u00e9 orientace, zp\u011bv a rytmick\u00e1 cvi\u010den\u00ed, v\u00fdroba podzimn\u00edch drak\u016f, tr\u00e9nov\u00e1n\u00ed pam\u011bti, vytv\u00e1\u0159en\u00ed mozaiky z lu\u0161t\u011bnin a posezen\u00ed u k\u00e1vy.<\/li>\n<\/ul>\n\n\n\n<p><strong>T\u011b\u0161\u00edme se na Va\u0161i n\u00e1v\u0161t\u011bvu.<\/strong><\/p>\n\n\n\n<figure class=\"wp-block-image size-full\"><img loading=\"lazy\" decoding=\"async\" width=\"566\" height=\"800\" src=\"https:\/\/senior-home.cz\/telc\/wp-content\/uploads\/sites\/3\/2024\/05\/p1hb0eontp1u16ena13kr2q7poq7.jpg\" alt=\"\" class=\"wp-image-198\" srcset=\"https:\/\/senior-home.cz\/telc\/wp-content\/uploads\/sites\/3\/2024\/05\/p1hb0eontp1u16ena13kr2q7poq7.jpg 566w, https:\/\/senior-home.cz\/telc\/wp-content\/uploads\/sites\/3\/2024\/05\/p1hb0eontp1u16ena13kr2q7poq7-212x300.jpg 212w\" sizes=\"auto, (max-width: 566px) 100vw, 566px\" \/><\/figure>\n","protected":false},"excerpt":{"rendered":"<p>Domov se zvl\u00e1\u0161tn\u00edm re\u017eimem Tel\u010d V\u00e1s zve do sv\u00fdch prostor na: Den otev\u0159en\u00fdch dve\u0159\u00ed Dne 4. 10. 2023 od 10:00 do 18:00 Zv\u00e1ni jsou v\u0161ichni z\u00e1jemci nebo jejich rodinn\u00ed p\u0159\u00edslu\u0161n\u00edci, kte\u0159\u00ed by r\u00e1di nakoukli pod pokli\u010dku na\u0161ich soci\u00e1ln\u00edch slu\u017eeb. V r\u00e1mci dne otev\u0159en\u00fdch dve\u0159\u00ed budete m\u00edt mo\u017enost: T\u011b\u0161\u00edme se na Va\u0161i n\u00e1v\u0161t\u011bvu.<\/p>\n","protected":false},"author":1,"featured_media":0,"comment_status":"closed","ping_status":"closed","sticky":false,"template":"","format":"standard","meta":{"ngg_post_thumbnail":0,"footnotes":""},"categories":[1],"tags":[],"class_list":["post-197","post","type-post","status-publish","format-standard","hentry","category-nezarazene"],"_links":{"self":[{"href":"https:\/\/senior-home.cz\/telc\/wp-json\/wp\/v2\/posts\/197","targetHints":{"allow":["GET"]}}],"collection":[{"href":"https:\/\/senior-home.cz\/telc\/wp-json\/wp\/v2\/posts"}],"about":[{"href":"https:\/\/senior-home.cz\/telc\/wp-json\/wp\/v2\/types\/post"}],"author":[{"embeddable":true,"href":"https:\/\/senior-home.cz\/telc\/wp-json\/wp\/v2\/users\/1"}],"replies":[{"embeddable":true,"href":"https:\/\/senior-home.cz\/telc\/wp-json\/wp\/v2\/comments?post=197"}],"version-history":[{"count":1,"href":"https:\/\/senior-home.cz\/telc\/wp-json\/wp\/v2\/posts\/197\/revisions"}],"predecessor-version":[{"id":199,"href":"https:\/\/senior-home.cz\/telc\/wp-json\/wp\/v2\/posts\/197\/revisions\/199"}],"wp:attachment":[{"href":"https:\/\/senior-home.cz\/telc\/wp-json\/wp\/v2\/media?parent=197"}],"wp:term":[{"taxonomy":"category","embeddable":true,"href":"https:\/\/senior-home.cz\/telc\/wp-json\/wp\/v2\/categories?post=197"},{"taxonomy":"post_tag","embeddable":true,"href":"https:\/\/senior-home.cz\/telc\/wp-json\/wp\/v2\/tags?post=197"}],"curies":[{"name":"wp","href":"https:\/\/api.w.org\/{rel}","templated":true}]}}