{"id":200,"date":"2023-08-15T10:27:00","date_gmt":"2023-08-15T08:27:00","guid":{"rendered":"https:\/\/senior-home.cz\/telc\/?p=200"},"modified":"2024-05-20T10:27:58","modified_gmt":"2024-05-20T08:27:58","slug":"leto-v-nasem-dzr-v-telci","status":"publish","type":"post","link":"https:\/\/senior-home.cz\/telc\/leto-v-nasem-dzr-v-telci\/","title":{"rendered":"L\u00e9to v na\u0161em DZR v Tel\u010di"},"content":{"rendered":"\n<p>L\u00e9to je spojen\u00e9 s r\u016fzn\u00fdmi meteorologick\u00fdmi jevy. A k t\u011bm hez\u010d\u00edm ur\u010dit\u011b pat\u0159\u00ed kr\u00e1sn\u011b vybarven\u00e1 duha. My jsme si ji se seniory zkusili vyrobit za pomoci vatov\u00fdch ty\u010dinek. Pr\u00e1ce to byla zaj\u00edmav\u00e1 a bylo na ka\u017ed\u00e9m, jak si svou duhu vybarv\u00ed \u2013 fantazii se zkr\u00e1tka meze nekladou.<\/p>\n\n\n\n<figure class=\"wp-block-gallery has-nested-images columns-default is-cropped wp-block-gallery-1 is-layout-flex wp-block-gallery-is-layout-flex\">\n<figure class=\"wp-block-image size-large\"><a href=\"https:\/\/senior-home.cz\/telc\/wp-content\/uploads\/sites\/3\/2024\/05\/p1hbg0m9u61epu14bghoopc0uok7.jpg\"><img loading=\"lazy\" decoding=\"async\" width=\"640\" height=\"800\" data-id=\"201\" src=\"https:\/\/senior-home.cz\/telc\/wp-content\/uploads\/sites\/3\/2024\/05\/p1hbg0m9u61epu14bghoopc0uok7.jpg\" alt=\"\" class=\"wp-image-201\" srcset=\"https:\/\/senior-home.cz\/telc\/wp-content\/uploads\/sites\/3\/2024\/05\/p1hbg0m9u61epu14bghoopc0uok7.jpg 640w, https:\/\/senior-home.cz\/telc\/wp-content\/uploads\/sites\/3\/2024\/05\/p1hbg0m9u61epu14bghoopc0uok7-240x300.jpg 240w\" sizes=\"auto, (max-width: 640px) 100vw, 640px\" \/><\/a><\/figure>\n\n\n\n<figure class=\"wp-block-image size-large\"><a href=\"https:\/\/senior-home.cz\/telc\/wp-content\/uploads\/sites\/3\/2024\/05\/p1hbg0m9u68ee303fn415081cf28.jpg\"><img loading=\"lazy\" decoding=\"async\" width=\"640\" height=\"800\" data-id=\"202\" src=\"https:\/\/senior-home.cz\/telc\/wp-content\/uploads\/sites\/3\/2024\/05\/p1hbg0m9u68ee303fn415081cf28.jpg\" alt=\"\" class=\"wp-image-202\" srcset=\"https:\/\/senior-home.cz\/telc\/wp-content\/uploads\/sites\/3\/2024\/05\/p1hbg0m9u68ee303fn415081cf28.jpg 640w, https:\/\/senior-home.cz\/telc\/wp-content\/uploads\/sites\/3\/2024\/05\/p1hbg0m9u68ee303fn415081cf28-240x300.jpg 240w\" sizes=\"auto, (max-width: 640px) 100vw, 640px\" \/><\/a><\/figure>\n<\/figure>\n","protected":false},"excerpt":{"rendered":"<p>L\u00e9to je spojen\u00e9 s r\u016fzn\u00fdmi meteorologick\u00fdmi jevy. A k t\u011bm hez\u010d\u00edm ur\u010dit\u011b pat\u0159\u00ed kr\u00e1sn\u011b vybarven\u00e1 duha. My jsme si ji se seniory zkusili vyrobit za pomoci vatov\u00fdch ty\u010dinek. Pr\u00e1ce to byla zaj\u00edmav\u00e1 a bylo na ka\u017ed\u00e9m, jak si svou duhu vybarv\u00ed \u2013 fantazii se zkr\u00e1tka meze nekladou.<\/p>\n","protected":false},"author":1,"featured_media":0,"comment_status":"closed","ping_status":"closed","sticky":false,"template":"","format":"standard","meta":{"ngg_post_thumbnail":0,"footnotes":""},"categories":[1],"tags":[],"class_list":["post-200","post","type-post","status-publish","format-standard","hentry","category-nezarazene"],"_links":{"self":[{"href":"https:\/\/senior-home.cz\/telc\/wp-json\/wp\/v2\/posts\/200","targetHints":{"allow":["GET"]}}],"collection":[{"href":"https:\/\/senior-home.cz\/telc\/wp-json\/wp\/v2\/posts"}],"about":[{"href":"https:\/\/senior-home.cz\/telc\/wp-json\/wp\/v2\/types\/post"}],"author":[{"embeddable":true,"href":"https:\/\/senior-home.cz\/telc\/wp-json\/wp\/v2\/users\/1"}],"replies":[{"embeddable":true,"href":"https:\/\/senior-home.cz\/telc\/wp-json\/wp\/v2\/comments?post=200"}],"version-history":[{"count":1,"href":"https:\/\/senior-home.cz\/telc\/wp-json\/wp\/v2\/posts\/200\/revisions"}],"predecessor-version":[{"id":203,"href":"https:\/\/senior-home.cz\/telc\/wp-json\/wp\/v2\/posts\/200\/revisions\/203"}],"wp:attachment":[{"href":"https:\/\/senior-home.cz\/telc\/wp-json\/wp\/v2\/media?parent=200"}],"wp:term":[{"taxonomy":"category","embeddable":true,"href":"https:\/\/senior-home.cz\/telc\/wp-json\/wp\/v2\/categories?post=200"},{"taxonomy":"post_tag","embeddable":true,"href":"https:\/\/senior-home.cz\/telc\/wp-json\/wp\/v2\/tags?post=200"}],"curies":[{"name":"wp","href":"https:\/\/api.w.org\/{rel}","templated":true}]}}