{"id":204,"date":"2023-08-20T10:28:00","date_gmt":"2023-08-20T08:28:00","guid":{"rendered":"https:\/\/senior-home.cz\/telc\/?p=204"},"modified":"2024-05-20T10:28:57","modified_gmt":"2024-05-20T08:28:57","slug":"vzpominka-na-prazdniny-s-genjim-v-nasem-dzr-v-telci","status":"publish","type":"post","link":"https:\/\/senior-home.cz\/telc\/vzpominka-na-prazdniny-s-genjim-v-nasem-dzr-v-telci\/","title":{"rendered":"Vzpom\u00ednka na pr\u00e1zdniny s Genjim v na\u0161em DZR v Tel\u010di"},"content":{"rendered":"\n<p>I p\u0159es pr\u00e1zdniny za n\u00e1mi zav\u00edtal canisterapeutick\u00fd pejsek Genji s pan\u00ed L\u00e9lyovou. Jeho n\u00e1v\u0161t\u011bvu si klienti u\u017eili jak ve v\u011bt\u0161\u00ed skupin\u011b, tak i v mal\u00e9 skupin\u011b \u010di individu\u00e1ln\u011b (nap\u0159. v posteli). A v\u011b\u0159\u00edme, \u017ee i z fotek je patrn\u00e9, jak v\u0161em Genji d\u011bl\u00e1 radost. D\u011bkujeme projektu Je\u017e\u00ed\u0161kova vnou\u010data \u010cesk\u00e9ho rozhlasu, \u017ee m\u016f\u017eeme pravideln\u011b vyu\u017e\u00edvat slu\u017eeb spolku Sirius T\u0159eb\u00ed\u010d, z.s.<\/p>\n\n\n\n<figure class=\"wp-block-gallery has-nested-images columns-default is-cropped wp-block-gallery-1 is-layout-flex wp-block-gallery-is-layout-flex\">\n<figure class=\"wp-block-image size-large\"><a href=\"https:\/\/senior-home.cz\/telc\/wp-content\/uploads\/sites\/3\/2024\/05\/p1hboafgod1d251c5i1e71241t9r7.jpeg\"><img loading=\"lazy\" decoding=\"async\" width=\"720\" height=\"720\" data-id=\"205\" src=\"https:\/\/senior-home.cz\/telc\/wp-content\/uploads\/sites\/3\/2024\/05\/p1hboafgod1d251c5i1e71241t9r7.jpeg\" alt=\"\" class=\"wp-image-205\" srcset=\"https:\/\/senior-home.cz\/telc\/wp-content\/uploads\/sites\/3\/2024\/05\/p1hboafgod1d251c5i1e71241t9r7.jpeg 720w, https:\/\/senior-home.cz\/telc\/wp-content\/uploads\/sites\/3\/2024\/05\/p1hboafgod1d251c5i1e71241t9r7-300x300.jpeg 300w, https:\/\/senior-home.cz\/telc\/wp-content\/uploads\/sites\/3\/2024\/05\/p1hboafgod1d251c5i1e71241t9r7-150x150.jpeg 150w\" sizes=\"auto, (max-width: 720px) 100vw, 720px\" \/><\/a><\/figure>\n\n\n\n<figure class=\"wp-block-image size-large\"><a href=\"https:\/\/senior-home.cz\/telc\/wp-content\/uploads\/sites\/3\/2024\/05\/p1hboafgodqcbfcbih22l19in8.jpeg\"><img loading=\"lazy\" decoding=\"async\" width=\"720\" height=\"540\" data-id=\"206\" src=\"https:\/\/senior-home.cz\/telc\/wp-content\/uploads\/sites\/3\/2024\/05\/p1hboafgodqcbfcbih22l19in8.jpeg\" alt=\"\" class=\"wp-image-206\" srcset=\"https:\/\/senior-home.cz\/telc\/wp-content\/uploads\/sites\/3\/2024\/05\/p1hboafgodqcbfcbih22l19in8.jpeg 720w, https:\/\/senior-home.cz\/telc\/wp-content\/uploads\/sites\/3\/2024\/05\/p1hboafgodqcbfcbih22l19in8-300x225.jpeg 300w\" sizes=\"auto, (max-width: 720px) 100vw, 720px\" \/><\/a><\/figure>\n\n\n\n<figure class=\"wp-block-image size-large\"><a href=\"https:\/\/senior-home.cz\/telc\/wp-content\/uploads\/sites\/3\/2024\/05\/p1hboafgoda0q41v1fem1bmjv0t9.jpeg\"><img loading=\"lazy\" decoding=\"async\" width=\"720\" height=\"720\" data-id=\"207\" src=\"https:\/\/senior-home.cz\/telc\/wp-content\/uploads\/sites\/3\/2024\/05\/p1hboafgoda0q41v1fem1bmjv0t9.jpeg\" alt=\"\" class=\"wp-image-207\" srcset=\"https:\/\/senior-home.cz\/telc\/wp-content\/uploads\/sites\/3\/2024\/05\/p1hboafgoda0q41v1fem1bmjv0t9.jpeg 720w, https:\/\/senior-home.cz\/telc\/wp-content\/uploads\/sites\/3\/2024\/05\/p1hboafgoda0q41v1fem1bmjv0t9-300x300.jpeg 300w, https:\/\/senior-home.cz\/telc\/wp-content\/uploads\/sites\/3\/2024\/05\/p1hboafgoda0q41v1fem1bmjv0t9-150x150.jpeg 150w\" sizes=\"auto, (max-width: 720px) 100vw, 720px\" \/><\/a><\/figure>\n<\/figure>\n","protected":false},"excerpt":{"rendered":"<p>I p\u0159es pr\u00e1zdniny za n\u00e1mi zav\u00edtal canisterapeutick\u00fd pejsek Genji s pan\u00ed L\u00e9lyovou. Jeho n\u00e1v\u0161t\u011bvu si klienti u\u017eili jak ve v\u011bt\u0161\u00ed skupin\u011b, tak i v mal\u00e9 skupin\u011b \u010di individu\u00e1ln\u011b (nap\u0159. v posteli). A v\u011b\u0159\u00edme, \u017ee i z fotek je patrn\u00e9, jak v\u0161em Genji d\u011bl\u00e1 radost. D\u011bkujeme projektu Je\u017e\u00ed\u0161kova vnou\u010data \u010cesk\u00e9ho rozhlasu, \u017ee m\u016f\u017eeme pravideln\u011b vyu\u017e\u00edvat slu\u017eeb [&hellip;]<\/p>\n","protected":false},"author":1,"featured_media":0,"comment_status":"closed","ping_status":"closed","sticky":false,"template":"","format":"standard","meta":{"ngg_post_thumbnail":0,"footnotes":""},"categories":[1],"tags":[],"class_list":["post-204","post","type-post","status-publish","format-standard","hentry","category-nezarazene"],"_links":{"self":[{"href":"https:\/\/senior-home.cz\/telc\/wp-json\/wp\/v2\/posts\/204","targetHints":{"allow":["GET"]}}],"collection":[{"href":"https:\/\/senior-home.cz\/telc\/wp-json\/wp\/v2\/posts"}],"about":[{"href":"https:\/\/senior-home.cz\/telc\/wp-json\/wp\/v2\/types\/post"}],"author":[{"embeddable":true,"href":"https:\/\/senior-home.cz\/telc\/wp-json\/wp\/v2\/users\/1"}],"replies":[{"embeddable":true,"href":"https:\/\/senior-home.cz\/telc\/wp-json\/wp\/v2\/comments?post=204"}],"version-history":[{"count":1,"href":"https:\/\/senior-home.cz\/telc\/wp-json\/wp\/v2\/posts\/204\/revisions"}],"predecessor-version":[{"id":208,"href":"https:\/\/senior-home.cz\/telc\/wp-json\/wp\/v2\/posts\/204\/revisions\/208"}],"wp:attachment":[{"href":"https:\/\/senior-home.cz\/telc\/wp-json\/wp\/v2\/media?parent=204"}],"wp:term":[{"taxonomy":"category","embeddable":true,"href":"https:\/\/senior-home.cz\/telc\/wp-json\/wp\/v2\/categories?post=204"},{"taxonomy":"post_tag","embeddable":true,"href":"https:\/\/senior-home.cz\/telc\/wp-json\/wp\/v2\/tags?post=204"}],"curies":[{"name":"wp","href":"https:\/\/api.w.org\/{rel}","templated":true}]}}