{"id":105,"date":"2024-04-11T09:09:01","date_gmt":"2024-04-11T07:09:01","guid":{"rendered":"https:\/\/senior-home.cz\/tuchlovice\/?p=105"},"modified":"2024-04-11T09:10:27","modified_gmt":"2024-04-11T07:10:27","slug":"fyzioterapeut","status":"publish","type":"post","link":"https:\/\/senior-home.cz\/tuchlovice\/fyzioterapeut\/","title":{"rendered":"Fyzioterapeut"},"content":{"rendered":"\n<p>V&nbsp;na\u0161em domov\u011b se zvl\u00e1\u0161tn\u00edm re\u017eimem poskytujeme senior\u016fm celoro\u010dn\u00ed pobytovou soci\u00e1ln\u00ed slu\u017ebu. Na\u0161i klienti trp\u00ed r\u016fzn\u00fdmi druhy demenc\u00ed, zejm\u00e9na pak Alzheimerovou nemoc\u00ed. R\u00e1di bychom roz\u0161\u00ed\u0159ili na\u0161e slu\u017eby o mo\u017enost vyu\u017eit\u00ed fyzioterapie, abychom mohli na\u0161im klient\u016fm poskytovat co nejlep\u0161\u00ed p\u00e9\u010di.<\/p>\n\n\n\n<p>V&nbsp;tuto chv\u00edli hled\u00e1me&nbsp;<strong>Fyzioterapeuta\/ku&nbsp;<\/strong>na prov\u00e1d\u011bn\u00ed rehabilita\u010dn\u00ed p\u00e9\u010de a fyzioterapie.<\/p>\n\n\n\n<p>O\u010dek\u00e1v\u00e1me vst\u0159\u00edcn\u00fd p\u0159\u00edstup ke klient\u016fm a celkov\u00fd pozitivn\u00ed p\u0159\u00edstup k pr\u00e1ci. P\u0159edchoz\u00ed zku\u0161enosti jsou ur\u010dit\u011b v\u00fdhodou, ale r\u00e1di uv\u00edt\u00e1me i absolventy. Nezbytn\u00fdm p\u0159edpokladem je V\u0160 nebo VO\u0160 v oboru fyzioterapie a \u010dist\u00fd trestn\u00ed rejst\u0159\u00edk.<\/p>\n\n\n\n<p>Nab\u00edz\u00edme p\u0159\u00edjemn\u00e9 prost\u0159ed\u00ed, mo\u017enost seberealizace a flexibiln\u00ed pracovn\u00ed dobu. N\u00e1stup mo\u017en\u00fd ihned nebo dle dohody a to na z\u00e1klad\u011b smlouvy o zprost\u0159edkov\u00e1n\u00ed.<\/p>\n\n\n\n<p>V\u00a0p\u0159\u00edpad\u011b va\u0161eho z\u00e1jmu n\u00e1m pros\u00edm za\u0161lete stru\u010dn\u00fd \u017eivotopis, p\u0159\u00edpadn\u011b volejte na telefon 773\u00a0833\u00a0246 nebo pi\u0161te na adresu: <a href=\"mailto:prace@senior-home.cz\">prace@senior-home.cz<\/a>.<\/p>\n","protected":false},"excerpt":{"rendered":"<p>V&nbsp;na\u0161em domov\u011b se zvl\u00e1\u0161tn\u00edm re\u017eimem poskytujeme senior\u016fm celoro\u010dn\u00ed pobytovou soci\u00e1ln\u00ed slu\u017ebu. Na\u0161i klienti trp\u00ed r\u016fzn\u00fdmi druhy demenc\u00ed, zejm\u00e9na pak Alzheimerovou nemoc\u00ed. R\u00e1di bychom roz\u0161\u00ed\u0159ili na\u0161e slu\u017eby o mo\u017enost vyu\u017eit\u00ed fyzioterapie, abychom mohli na\u0161im klient\u016fm poskytovat co nejlep\u0161\u00ed p\u00e9\u010di. V&nbsp;tuto chv\u00edli hled\u00e1me&nbsp;Fyzioterapeuta\/ku&nbsp;na prov\u00e1d\u011bn\u00ed rehabilita\u010dn\u00ed p\u00e9\u010de a fyzioterapie. O\u010dek\u00e1v\u00e1me vst\u0159\u00edcn\u00fd p\u0159\u00edstup ke klient\u016fm a celkov\u00fd pozitivn\u00ed p\u0159\u00edstup [&hellip;]<\/p>\n","protected":false},"author":1,"featured_media":0,"comment_status":"closed","ping_status":"closed","sticky":false,"template":"","format":"standard","meta":{"ngg_post_thumbnail":0,"footnotes":""},"categories":[6],"tags":[],"class_list":["post-105","post","type-post","status-publish","format-standard","hentry","category-zamestnani"],"_links":{"self":[{"href":"https:\/\/senior-home.cz\/tuchlovice\/wp-json\/wp\/v2\/posts\/105","targetHints":{"allow":["GET"]}}],"collection":[{"href":"https:\/\/senior-home.cz\/tuchlovice\/wp-json\/wp\/v2\/posts"}],"about":[{"href":"https:\/\/senior-home.cz\/tuchlovice\/wp-json\/wp\/v2\/types\/post"}],"author":[{"embeddable":true,"href":"https:\/\/senior-home.cz\/tuchlovice\/wp-json\/wp\/v2\/users\/1"}],"replies":[{"embeddable":true,"href":"https:\/\/senior-home.cz\/tuchlovice\/wp-json\/wp\/v2\/comments?post=105"}],"version-history":[{"count":1,"href":"https:\/\/senior-home.cz\/tuchlovice\/wp-json\/wp\/v2\/posts\/105\/revisions"}],"predecessor-version":[{"id":106,"href":"https:\/\/senior-home.cz\/tuchlovice\/wp-json\/wp\/v2\/posts\/105\/revisions\/106"}],"wp:attachment":[{"href":"https:\/\/senior-home.cz\/tuchlovice\/wp-json\/wp\/v2\/media?parent=105"}],"wp:term":[{"taxonomy":"category","embeddable":true,"href":"https:\/\/senior-home.cz\/tuchlovice\/wp-json\/wp\/v2\/categories?post=105"},{"taxonomy":"post_tag","embeddable":true,"href":"https:\/\/senior-home.cz\/tuchlovice\/wp-json\/wp\/v2\/tags?post=105"}],"curies":[{"name":"wp","href":"https:\/\/api.w.org\/{rel}","templated":true}]}}