{"id":480,"date":"2026-03-26T08:21:24","date_gmt":"2026-03-26T07:21:24","guid":{"rendered":"https:\/\/senior-home.cz\/tuchlovice\/?p=480"},"modified":"2026-03-31T07:29:22","modified_gmt":"2026-03-31T05:29:22","slug":"velikonocni-tvoreni","status":"publish","type":"post","link":"https:\/\/senior-home.cz\/tuchlovice\/velikonocni-tvoreni\/","title":{"rendered":"Pozv\u00e1nka na velikono\u010dn\u00ed tvo\u0159en\u00ed"},"content":{"rendered":"\n<p>V\u00e1\u017een\u00ed rodinn\u00ed p\u0159\u00edslu\u0161n\u00edci a bl\u00edzc\u00ed,<\/p>\n\n\n\n<p>r\u00e1di bychom V\u00e1s pozvali na&nbsp;<strong>spole\u010dn\u00e9 Velikono\u010dn\u00ed tvo\u0159en\u00ed,<\/strong>&nbsp;kter\u00e9 se bude konat v&nbsp;p\u00e1tek&nbsp;<strong>27. b\u0159ezna od 14:00 do 16:00 v Senior Home Tuchlovice.<\/strong><\/p>\n\n\n\n<p>Spole\u010dn\u011b se sv\u00fdmi bl\u00edzk\u00fdmi, kte\u0159\u00ed jsou klienti na\u0161eho domova si budete moci vyrobit velikono\u010dn\u00ed dekorace, posed\u011bt a spole\u010dn\u011b si u\u017e\u00edt atmosf\u00e9ru. Pro d\u011bti bude p\u0159ipraven\u00e9 hled\u00e1n\u00ed vaj\u00ed\u010dek za drobnou odm\u011bnu.<\/p>\n\n\n\n<p>V&nbsp;p\u0159\u00edpad\u011b z\u00e1jmu V\u00e1s pros\u00edme o&nbsp;<strong>potvrzen\u00ed \u00fa\u010dasti na tento e-mail nejpozd\u011bji do st\u0159edy 25. 3.<\/strong>, abychom mohli zajistit dostatek materi\u00e1lu.<\/p>\n\n\n\n<p>Kr\u00e1sn\u00fd den a t\u011b\u0161\u00edme se na spole\u010dn\u00e9 setk\u00e1n\u00ed.<\/p>\n\n\n\n<figure class=\"wp-block-image size-large\"><img loading=\"lazy\" decoding=\"async\" width=\"721\" height=\"1024\" src=\"https:\/\/senior-home.cz\/tuchlovice\/wp-content\/uploads\/sites\/2\/2026\/03\/Velikonocni-tvoreni-plakat-721x1024.jpg\" alt=\"\" class=\"wp-image-481\" srcset=\"https:\/\/senior-home.cz\/tuchlovice\/wp-content\/uploads\/sites\/2\/2026\/03\/Velikonocni-tvoreni-plakat-721x1024.jpg 721w, https:\/\/senior-home.cz\/tuchlovice\/wp-content\/uploads\/sites\/2\/2026\/03\/Velikonocni-tvoreni-plakat-211x300.jpg 211w, https:\/\/senior-home.cz\/tuchlovice\/wp-content\/uploads\/sites\/2\/2026\/03\/Velikonocni-tvoreni-plakat-768x1091.jpg 768w, https:\/\/senior-home.cz\/tuchlovice\/wp-content\/uploads\/sites\/2\/2026\/03\/Velikonocni-tvoreni-plakat-1081x1536.jpg 1081w, https:\/\/senior-home.cz\/tuchlovice\/wp-content\/uploads\/sites\/2\/2026\/03\/Velikonocni-tvoreni-plakat-1442x2048.jpg 1442w, https:\/\/senior-home.cz\/tuchlovice\/wp-content\/uploads\/sites\/2\/2026\/03\/Velikonocni-tvoreni-plakat-scaled.jpg 1802w\" sizes=\"auto, (max-width: 721px) 100vw, 721px\" \/><\/figure>\n","protected":false},"excerpt":{"rendered":"<p>V\u00e1\u017een\u00ed rodinn\u00ed p\u0159\u00edslu\u0161n\u00edci a bl\u00edzc\u00ed, r\u00e1di bychom V\u00e1s pozvali na&nbsp;spole\u010dn\u00e9 Velikono\u010dn\u00ed tvo\u0159en\u00ed,&nbsp;kter\u00e9 se bude konat v&nbsp;p\u00e1tek&nbsp;27. b\u0159ezna od 14:00 do 16:00 v Senior Home Tuchlovice. Spole\u010dn\u011b se sv\u00fdmi bl\u00edzk\u00fdmi, kte\u0159\u00ed jsou klienti na\u0161eho domova si budete moci vyrobit velikono\u010dn\u00ed dekorace, posed\u011bt a spole\u010dn\u011b si u\u017e\u00edt atmosf\u00e9ru. Pro d\u011bti bude p\u0159ipraven\u00e9 hled\u00e1n\u00ed vaj\u00ed\u010dek za drobnou odm\u011bnu. [&hellip;]<\/p>\n","protected":false},"author":11,"featured_media":0,"comment_status":"closed","ping_status":"closed","sticky":false,"template":"","format":"standard","meta":{"ngg_post_thumbnail":0,"footnotes":""},"categories":[1],"tags":[],"class_list":["post-480","post","type-post","status-publish","format-standard","hentry","category-nezarazene"],"_links":{"self":[{"href":"https:\/\/senior-home.cz\/tuchlovice\/wp-json\/wp\/v2\/posts\/480","targetHints":{"allow":["GET"]}}],"collection":[{"href":"https:\/\/senior-home.cz\/tuchlovice\/wp-json\/wp\/v2\/posts"}],"about":[{"href":"https:\/\/senior-home.cz\/tuchlovice\/wp-json\/wp\/v2\/types\/post"}],"author":[{"embeddable":true,"href":"https:\/\/senior-home.cz\/tuchlovice\/wp-json\/wp\/v2\/users\/11"}],"replies":[{"embeddable":true,"href":"https:\/\/senior-home.cz\/tuchlovice\/wp-json\/wp\/v2\/comments?post=480"}],"version-history":[{"count":2,"href":"https:\/\/senior-home.cz\/tuchlovice\/wp-json\/wp\/v2\/posts\/480\/revisions"}],"predecessor-version":[{"id":537,"href":"https:\/\/senior-home.cz\/tuchlovice\/wp-json\/wp\/v2\/posts\/480\/revisions\/537"}],"wp:attachment":[{"href":"https:\/\/senior-home.cz\/tuchlovice\/wp-json\/wp\/v2\/media?parent=480"}],"wp:term":[{"taxonomy":"category","embeddable":true,"href":"https:\/\/senior-home.cz\/tuchlovice\/wp-json\/wp\/v2\/categories?post=480"},{"taxonomy":"post_tag","embeddable":true,"href":"https:\/\/senior-home.cz\/tuchlovice\/wp-json\/wp\/v2\/tags?post=480"}],"curies":[{"name":"wp","href":"https:\/\/api.w.org\/{rel}","templated":true}]}}