{"id":99,"date":"2024-04-11T09:07:55","date_gmt":"2024-04-11T07:07:55","guid":{"rendered":"https:\/\/senior-home.cz\/tuchlovice\/?p=99"},"modified":"2024-06-19T12:59:19","modified_gmt":"2024-06-19T10:59:19","slug":"pracovnik-v-socialnich-sluzbach-pecovatel-pecovatelka","status":"publish","type":"post","link":"https:\/\/senior-home.cz\/tuchlovice\/pracovnik-v-socialnich-sluzbach-pecovatel-pecovatelka\/","title":{"rendered":"Pracovn\u00edk v\u00a0soci\u00e1ln\u00edch slu\u017eb\u00e1ch (pe\u010dovatel\/pe\u010dovatelka) &#8211; N\u00e1borov\u00fd p\u0159\u00edsp\u011bvek 250.000 K\u010d"},"content":{"rendered":"\n<p>V na\u0161em domov\u011b se zvl\u00e1\u0161tn\u00edm re\u017eimem Tuchlovice poskytujeme senior\u016fm, kte\u0159\u00ed trp\u00ed r\u016fzn\u00fdmi druhy demenc\u00ed, zejm\u00e9na pak Alzheimerovou nemoc\u00ed, celoro\u010dn\u00ed pobytovou soci\u00e1ln\u00ed slu\u017ebu. T\u00fdm na\u0161ich pe\u010dovatel\u016f se ka\u017ed\u00fd den sna\u017e\u00ed o zaji\u0161t\u011bn\u00ed nejen celodenn\u00ed p\u00e9\u010de, ale i o ka\u017edodenn\u00ed individu\u00e1ln\u00ed p\u0159\u00edstup k&nbsp;na\u0161im klient\u016fm.<\/p>\n\n\n\n<p>V&nbsp;tuto chv\u00edli hled\u00e1me nov\u00e9 kolegy na pozici&nbsp;<strong>Pracovn\u00edk v&nbsp;soci\u00e1ln\u00edch slu\u017eb\u00e1ch (pe\u010dovatel\/pe\u010dovatelka).<\/strong><\/p>\n\n\n\n<p>V\u00fdhodou je samoz\u0159ejm\u011b jak\u00e1koliv praxe v&nbsp;p\u00e9\u010di o seniory nebo absolvovan\u00fd kurz pracovn\u00edka v&nbsp;soci\u00e1ln\u00edch slu\u017eb\u00e1ch, kter\u00fd si ale m\u016f\u017eete doplnit do 18ti m\u011bs\u00edc\u016f od data n\u00e1stupu. D\u016fle\u017eit\u00e9 je m\u00edt \u010dist\u00fd trestn\u00ed rejst\u0159\u00edk. Pracujeme ve 12ti hodinov\u00fdch denn\u00edch a no\u010dn\u00edch sm\u011bn\u00e1ch.<\/p>\n\n\n\n<p><strong>Nab\u00edz\u00edme:<\/strong><\/p>\n\n\n\n<ul class=\"wp-block-list\">\n<li>N\u00c1BOROV\u00dd P\u0158\u00cdSP\u011aVEK a\u017e do v\u00fd\u0161e 200.000 K\u010d<\/li>\n\n\n\n<li>dobr\u00e9 mzdov\u00e9 ohodnocen\u00ed<\/li>\n\n\n\n<li>p\u0159\u00edplatky za sm\u011bny v noci a ve sv\u00e1tky<\/li>\n\n\n\n<li>3 dny zdravotn\u00edho volna<\/li>\n\n\n\n<li>karta na zam\u011bstnaneck\u00e9 benefity<\/li>\n\n\n\n<li>rozvojov\u00e9 kurzy 2x ro\u010dn\u011b<\/li>\n\n\n\n<li>mo\u017enost absolvovat kurz pracovn\u00edka v soci\u00e1ln\u00edch slu\u017eb\u00e1ch a\u017e po n\u00e1stupu<\/li>\n<\/ul>\n\n\n\n<p>V&nbsp;p\u0159\u00edpad\u011b va\u0161eho z\u00e1jmu n\u00e1m pros\u00edm za\u0161lete stru\u010dn\u00fd \u017eivotopis, p\u0159\u00edpadn\u011b volejte na telefon 773&nbsp;833&nbsp;246 nebo pi\u0161te na adresu: <a href=\"mailto:prace@senior-home.cz\">prace@senior-home.cz<\/a>.<\/p>\n","protected":false},"excerpt":{"rendered":"<p>V na\u0161em domov\u011b se zvl\u00e1\u0161tn\u00edm re\u017eimem Tuchlovice poskytujeme senior\u016fm, kte\u0159\u00ed trp\u00ed r\u016fzn\u00fdmi druhy demenc\u00ed, zejm\u00e9na pak Alzheimerovou nemoc\u00ed, celoro\u010dn\u00ed pobytovou soci\u00e1ln\u00ed slu\u017ebu. T\u00fdm na\u0161ich pe\u010dovatel\u016f se ka\u017ed\u00fd den sna\u017e\u00ed o zaji\u0161t\u011bn\u00ed nejen celodenn\u00ed p\u00e9\u010de, ale i o ka\u017edodenn\u00ed individu\u00e1ln\u00ed p\u0159\u00edstup k&nbsp;na\u0161im klient\u016fm. V&nbsp;tuto chv\u00edli hled\u00e1me nov\u00e9 kolegy na pozici&nbsp;Pracovn\u00edk v&nbsp;soci\u00e1ln\u00edch slu\u017eb\u00e1ch (pe\u010dovatel\/pe\u010dovatelka). V\u00fdhodou je samoz\u0159ejm\u011b [&hellip;]<\/p>\n","protected":false},"author":1,"featured_media":0,"comment_status":"closed","ping_status":"closed","sticky":false,"template":"","format":"standard","meta":{"ngg_post_thumbnail":0,"footnotes":""},"categories":[6],"tags":[],"class_list":["post-99","post","type-post","status-publish","format-standard","hentry","category-zamestnani"],"_links":{"self":[{"href":"https:\/\/senior-home.cz\/tuchlovice\/wp-json\/wp\/v2\/posts\/99","targetHints":{"allow":["GET"]}}],"collection":[{"href":"https:\/\/senior-home.cz\/tuchlovice\/wp-json\/wp\/v2\/posts"}],"about":[{"href":"https:\/\/senior-home.cz\/tuchlovice\/wp-json\/wp\/v2\/types\/post"}],"author":[{"embeddable":true,"href":"https:\/\/senior-home.cz\/tuchlovice\/wp-json\/wp\/v2\/users\/1"}],"replies":[{"embeddable":true,"href":"https:\/\/senior-home.cz\/tuchlovice\/wp-json\/wp\/v2\/comments?post=99"}],"version-history":[{"count":5,"href":"https:\/\/senior-home.cz\/tuchlovice\/wp-json\/wp\/v2\/posts\/99\/revisions"}],"predecessor-version":[{"id":302,"href":"https:\/\/senior-home.cz\/tuchlovice\/wp-json\/wp\/v2\/posts\/99\/revisions\/302"}],"wp:attachment":[{"href":"https:\/\/senior-home.cz\/tuchlovice\/wp-json\/wp\/v2\/media?parent=99"}],"wp:term":[{"taxonomy":"category","embeddable":true,"href":"https:\/\/senior-home.cz\/tuchlovice\/wp-json\/wp\/v2\/categories?post=99"},{"taxonomy":"post_tag","embeddable":true,"href":"https:\/\/senior-home.cz\/tuchlovice\/wp-json\/wp\/v2\/tags?post=99"}],"curies":[{"name":"wp","href":"https:\/\/api.w.org\/{rel}","templated":true}]}}